{"id":54660,"date":"2025-10-03T15:53:26","date_gmt":"2025-10-03T13:53:26","guid":{"rendered":"https:\/\/aboutsignal.com\/?p=54660"},"modified":"2025-10-09T08:16:42","modified_gmt":"2025-10-09T06:16:42","slug":"signal-droht-mit-eu-austritt-falls-chat-kontrolle-verpflichtend-wird","status":"publish","type":"post","link":"https:\/\/aboutsignal.com\/de\/news\/the-end-of-private-conversations-signal-threatens-to-leave-the-eu-if-chat-control-becomes-mandatory\/","title":{"rendered":"Das Ende privater Gespr\u00e4che? Signal droht, die EU zu verlassen, falls Chatkontrolle verpflichtend wird"},"content":{"rendered":"<p><strong>Signal wird die EU verlassen, falls ein neuer europ\u00e4ischer Gesetzesvorschlag Signal dazu zwingen w\u00fcrde, die Verschl\u00fcsselung zu schw\u00e4chen. Diese Botschaft bekr\u00e4ftigte Signals Pr\u00e4sidentin Meredith Whittaker.<\/strong><\/p>\n\n\n\n<p>\u201eWenn wir vor der Wahl st\u00fcnden, entweder die Integrit\u00e4t unserer Verschl\u00fcsselung und Datenschutzgarantien zu untergraben oder Europa zu verlassen, w\u00fcrden wir uns leider f\u00fcr den R\u00fcckzug vom Markt entscheiden\u201c, sagte Signals Pr\u00e4sidentin Meredith Whittaker gegen\u00fcber <a href=\"https:\/\/www.heise.de\/news\/Chefin-der-Signal-App-droht-mit-Rueckzug-aus-Europa-10688792.html\">deutschen Medien<\/a>.<\/p>\n\n\n\n<p>Die Warnung vor einem m\u00f6glichen Signal-Ausstieg aus der Europ\u00e4ischen Union kommt nicht aus heiterem Himmel. Bereits vor zwei Jahren hatte Signal vor einem <a href=\"https:\/\/signalapp.nl\/signal-app-nieuws\/signal-app-dreigt-met-vertrek-eu-als-encryptie-moet-worden-afgezwakt\/\">m\u00f6glichen R\u00fcckzug aus der EU gewarnt<\/a>.<\/p>\n\n\n\n<h2 class=\"wp-block-heading\"><strong>Die EU will all deine privaten Nachrichten durchsuchen<\/strong><\/h2>\n\n\n\n<p>Die Europ\u00e4ische Union arbeitet derzeit an Gesetzen, die es erlauben w\u00fcrden, alle privaten Nachrichten auf kriminelle und illegale Inhalte \u2013 etwa Darstellungen von sexuellem Kindesmissbrauch \u2013 zu durchsuchen. Anbieter von Apps und Plattformen wie Signal und WhatsApp m\u00fcssten dann s\u00e4mtliche Nachrichten, Fotos, Videos und Dateien auf m\u00f6gliches Missbrauchsmaterial scannen.<\/p>\n\n\n\n<p>Viele Expert*innen \u2013 darunter Fachleute aus den Bereichen Cybersicherheit, Recht und sogar Kinderschutz \u2013 warnen seit Langem vor den Gefahren der Chatkontrolle. Trotz des <a href=\"https:\/\/academic.oup.com\/cybersecurity\/article\/10\/1\/tyad020\/7590463\">Konsenses unter Cybersicherheits-Expert*innen<\/a>, glauben Politiker*innen weiterhin, es besser zu wissen, und bringen immer wieder \u00e4hnliche Gesetzesvorschl\u00e4ge ein.<\/p>\n\n\n\n<p>Signals Pr\u00e4sidentin Meredith Whittaker hat erneut an die EU appelliert, solche Vorschl\u00e4ge abzulehnen: Verschl\u00fcsselung gilt f\u00fcr alle \u2013 oder sie ist f\u00fcr niemanden sicher. \u201eMan kann keine Hintert\u00fcr schaffen, die nur die \u201aGuten\u2018 hereinl\u00e4sst, und das Scannen von Inhalten vor der Verschl\u00fcsselung zerst\u00f6rt dennoch die Privatsph\u00e4re-Garantien, die Ende-zu-Ende-Verschl\u00fcsselung bietet\u201c, sagt Meredith Whittaker.<\/p>\n\n\n\n<h2 class=\"wp-block-heading\"><strong>Neuer Vorschlag zur Chatkontrolle im Europ\u00e4ischen Rat noch in diesem Monat<\/strong><\/h2>\n\n\n\n<p>Am 13. und 14. Oktober 2025 wird der Europ\u00e4ische Rat f\u00fcr Justiz und Inneres \u00fcber den neuen Vorschlag zur Chatkontrolle beraten. Wie sich die Mitgliedsstaaten positionieren werden, ist noch unklar. Obwohl sich bereits mehrere L\u00e4nder dagegen ausgesprochen haben, bleibt abzuwarten, wie die EU letztlich entscheiden wird.<\/p>\n\n\n\n<p>Signal wird seinerseits alles daransetzen, dass alle weiterhin Zugang zu Signal \u2013 und damit zu Privatsph\u00e4re und Meinungsfreiheit \u2013 haben. Wie Meredith Whittaker im vergangenen Jahr auf X schrieb: \u201eWir bleiben bis zum Schluss. Wir stehen an der Seite der Menschen in Europa und ihrem Recht auf Privatsph\u00e4re \u2013 ganz gleich, was die Kommission tut.\u201c<\/p>\n\n\n\n<p><\/p>\n\n\n\n<center><blockquote class=\"twitter-tweet\"><p lang=\"en\" dir=\"ltr\">To be clear&#8211;we will stay to the end. We stand with the people in Europe &amp; their right to privacy, whatever the Commission does <br><br>But we won&#39;t comply with any mandate to undermine our privacy guarantees. And noncompliance would result in our being barred from the market.<\/p>&mdash; Meredith Whittaker (@mer__edith) <a href=\"https:\/\/twitter.com\/mer__edith\/status\/1796516071639564682?ref_src=twsrc%5Etfw\">May 31, 2024<\/a><\/blockquote> <script async src=\"https:\/\/platform.twitter.com\/widgets.js\" charset=\"utf-8\"><\/script><\/center>\n\n\n\n<p><\/p>\n\n\n\n<p><strong>Update vom 9. Oktober 2025:<\/strong> Innerhalb der EU wurde keine Mehrheit f\u00fcr die Chatkontrolle gefunden, und der Vorschlag wird am 14. Oktober nicht zur Abstimmung gestellt. Vorerst ist die Chatkontrolle vom Tisch, und Signal bleibt in der EU weiterhin verf\u00fcgbar.<\/p>","protected":false},"excerpt":{"rendered":"<p>Am 13. und 14. Oktober 2025 steht die Chatkontrolle erneut auf der europ\u00e4ischen Agenda.<\/p>","protected":false},"author":1,"featured_media":54662,"comment_status":"closed","ping_status":"closed","sticky":false,"template":"","format":"standard","meta":{"_et_pb_use_builder":"off","_et_pb_old_content":"","_et_gb_content_width":"","footnotes":""},"categories":[1],"tags":[],"class_list":["post-54660","post","type-post","status-publish","format-standard","has-post-thumbnail","hentry","category-news"],"yoast_head":"<!-- This site is optimized with the Yoast SEO plugin v27.4 - https:\/\/yoast.com\/product\/yoast-seo-wordpress\/ -->\n<title>The end of private conversations? Signal threatens to leave the EU if chat control becomes mandatory<\/title>\n<meta name=\"description\" content=\"On 13 and 14 October 2025, chat control will be back on the European agenda. If Signal has to choose between giving up its privacy promise or leaving the market, Signal will choose the latter.\" \/>\n<meta name=\"robots\" content=\"index, follow, max-snippet:-1, max-image-preview:large, max-video-preview:-1\" \/>\n<link rel=\"canonical\" href=\"https:\/\/aboutsignal.com\/de\/news\/signal-droht-mit-eu-austritt-falls-chat-kontrolle-verpflichtend-wird\/\" \/>\n<meta property=\"og:locale\" content=\"de_DE\" \/>\n<meta property=\"og:type\" content=\"article\" \/>\n<meta property=\"og:title\" content=\"The end of private conversations? Signal threatens to leave the EU if chat control becomes mandatory\" \/>\n<meta property=\"og:description\" content=\"On 13 and 14 October 2025, chat control will be back on the European agenda. If Signal has to choose between giving up its privacy promise or leaving the market, Signal will choose the latter.\" \/>\n<meta property=\"og:url\" content=\"https:\/\/aboutsignal.com\/de\/news\/signal-droht-mit-eu-austritt-falls-chat-kontrolle-verpflichtend-wird\/\" \/>\n<meta property=\"og:site_name\" content=\"AboutSignal\" \/>\n<meta property=\"article:published_time\" content=\"2025-10-03T13:53:26+00:00\" \/>\n<meta property=\"article:modified_time\" content=\"2025-10-09T06:16:42+00:00\" \/>\n<meta property=\"og:image\" content=\"https:\/\/aboutsignal.com\/files\/featured-signal-eu-dark-clouds.png\" \/>\n\t<meta property=\"og:image:width\" content=\"600\" \/>\n\t<meta property=\"og:image:height\" content=\"337\" \/>\n\t<meta property=\"og:image:type\" content=\"image\/png\" \/>\n<meta name=\"author\" content=\"Michel\" \/>\n<meta name=\"twitter:card\" content=\"summary_large_image\" \/>\n<meta name=\"twitter:label1\" content=\"Verfasst von\" \/>\n\t<meta name=\"twitter:data1\" content=\"Michel\" \/>\n\t<meta name=\"twitter:label2\" content=\"Gesch\u00e4tzte Lesezeit\" \/>\n\t<meta name=\"twitter:data2\" content=\"2\u00a0Minuten\" \/>\n<script type=\"application\/ld+json\" class=\"yoast-schema-graph\">{\"@context\":\"https:\\\/\\\/schema.org\",\"@graph\":[{\"@type\":\"Article\",\"@id\":\"https:\\\/\\\/aboutsignal.com\\\/news\\\/the-end-of-private-conversations-signal-threatens-to-leave-the-eu-if-chat-control-becomes-mandatory\\\/#article\",\"isPartOf\":{\"@id\":\"https:\\\/\\\/aboutsignal.com\\\/news\\\/the-end-of-private-conversations-signal-threatens-to-leave-the-eu-if-chat-control-becomes-mandatory\\\/\"},\"author\":{\"name\":\"Michel\",\"@id\":\"https:\\\/\\\/aboutsignal.com\\\/#\\\/schema\\\/person\\\/b613319e5109cdac14b98dff0f397ec5\"},\"headline\":\"The end of private conversations? Signal threatens to leave the EU if chat control becomes mandatory\",\"datePublished\":\"2025-10-03T13:53:26+00:00\",\"dateModified\":\"2025-10-09T06:16:42+00:00\",\"mainEntityOfPage\":{\"@id\":\"https:\\\/\\\/aboutsignal.com\\\/news\\\/the-end-of-private-conversations-signal-threatens-to-leave-the-eu-if-chat-control-becomes-mandatory\\\/\"},\"wordCount\":472,\"publisher\":{\"@id\":\"https:\\\/\\\/aboutsignal.com\\\/#organization\"},\"image\":{\"@id\":\"https:\\\/\\\/aboutsignal.com\\\/news\\\/the-end-of-private-conversations-signal-threatens-to-leave-the-eu-if-chat-control-becomes-mandatory\\\/#primaryimage\"},\"thumbnailUrl\":\"https:\\\/\\\/aboutsignal.com\\\/files\\\/featured-signal-eu-dark-clouds.png\",\"articleSection\":[\"News\"],\"inLanguage\":\"de\"},{\"@type\":\"WebPage\",\"@id\":\"https:\\\/\\\/aboutsignal.com\\\/news\\\/the-end-of-private-conversations-signal-threatens-to-leave-the-eu-if-chat-control-becomes-mandatory\\\/\",\"url\":\"https:\\\/\\\/aboutsignal.com\\\/news\\\/the-end-of-private-conversations-signal-threatens-to-leave-the-eu-if-chat-control-becomes-mandatory\\\/\",\"name\":\"The end of private conversations? Signal threatens to leave the EU if chat control becomes mandatory\",\"isPartOf\":{\"@id\":\"https:\\\/\\\/aboutsignal.com\\\/#website\"},\"primaryImageOfPage\":{\"@id\":\"https:\\\/\\\/aboutsignal.com\\\/news\\\/the-end-of-private-conversations-signal-threatens-to-leave-the-eu-if-chat-control-becomes-mandatory\\\/#primaryimage\"},\"image\":{\"@id\":\"https:\\\/\\\/aboutsignal.com\\\/news\\\/the-end-of-private-conversations-signal-threatens-to-leave-the-eu-if-chat-control-becomes-mandatory\\\/#primaryimage\"},\"thumbnailUrl\":\"https:\\\/\\\/aboutsignal.com\\\/files\\\/featured-signal-eu-dark-clouds.png\",\"datePublished\":\"2025-10-03T13:53:26+00:00\",\"dateModified\":\"2025-10-09T06:16:42+00:00\",\"description\":\"On 13 and 14 October 2025, chat control will be back on the European agenda. If Signal has to choose between giving up its privacy promise or leaving the market, Signal will choose the latter.\",\"breadcrumb\":{\"@id\":\"https:\\\/\\\/aboutsignal.com\\\/news\\\/the-end-of-private-conversations-signal-threatens-to-leave-the-eu-if-chat-control-becomes-mandatory\\\/#breadcrumb\"},\"inLanguage\":\"de\",\"potentialAction\":[{\"@type\":\"ReadAction\",\"target\":[\"https:\\\/\\\/aboutsignal.com\\\/news\\\/the-end-of-private-conversations-signal-threatens-to-leave-the-eu-if-chat-control-becomes-mandatory\\\/\"]}]},{\"@type\":\"ImageObject\",\"inLanguage\":\"de\",\"@id\":\"https:\\\/\\\/aboutsignal.com\\\/news\\\/the-end-of-private-conversations-signal-threatens-to-leave-the-eu-if-chat-control-becomes-mandatory\\\/#primaryimage\",\"url\":\"https:\\\/\\\/aboutsignal.com\\\/files\\\/featured-signal-eu-dark-clouds.png\",\"contentUrl\":\"https:\\\/\\\/aboutsignal.com\\\/files\\\/featured-signal-eu-dark-clouds.png\",\"width\":600,\"height\":337},{\"@type\":\"BreadcrumbList\",\"@id\":\"https:\\\/\\\/aboutsignal.com\\\/news\\\/the-end-of-private-conversations-signal-threatens-to-leave-the-eu-if-chat-control-becomes-mandatory\\\/#breadcrumb\",\"itemListElement\":[{\"@type\":\"ListItem\",\"position\":1,\"name\":\"Home\",\"item\":\"https:\\\/\\\/aboutsignal.com\\\/\"},{\"@type\":\"ListItem\",\"position\":2,\"name\":\"The end of private conversations? Signal threatens to leave the EU if chat control becomes mandatory\"}]},{\"@type\":\"WebSite\",\"@id\":\"https:\\\/\\\/aboutsignal.com\\\/#website\",\"url\":\"https:\\\/\\\/aboutsignal.com\\\/\",\"name\":\"AboutSignal\",\"description\":\"\",\"publisher\":{\"@id\":\"https:\\\/\\\/aboutsignal.com\\\/#organization\"},\"potentialAction\":[{\"@type\":\"SearchAction\",\"target\":{\"@type\":\"EntryPoint\",\"urlTemplate\":\"https:\\\/\\\/aboutsignal.com\\\/?s={search_term_string}\"},\"query-input\":{\"@type\":\"PropertyValueSpecification\",\"valueRequired\":true,\"valueName\":\"search_term_string\"}}],\"inLanguage\":\"de\"},{\"@type\":\"Organization\",\"@id\":\"https:\\\/\\\/aboutsignal.com\\\/#organization\",\"name\":\"AboutSignal\",\"url\":\"https:\\\/\\\/aboutsignal.com\\\/\",\"logo\":{\"@type\":\"ImageObject\",\"inLanguage\":\"de\",\"@id\":\"https:\\\/\\\/aboutsignal.com\\\/#\\\/schema\\\/logo\\\/image\\\/\",\"url\":\"https:\\\/\\\/aboutsignal.com\\\/files\\\/logo-aboutsignal.png\",\"contentUrl\":\"https:\\\/\\\/aboutsignal.com\\\/files\\\/logo-aboutsignal.png\",\"width\":1024,\"height\":1024,\"caption\":\"AboutSignal\"},\"image\":{\"@id\":\"https:\\\/\\\/aboutsignal.com\\\/#\\\/schema\\\/logo\\\/image\\\/\"}},{\"@type\":\"Person\",\"@id\":\"https:\\\/\\\/aboutsignal.com\\\/#\\\/schema\\\/person\\\/b613319e5109cdac14b98dff0f397ec5\",\"name\":\"Michel\",\"image\":{\"@type\":\"ImageObject\",\"inLanguage\":\"de\",\"@id\":\"https:\\\/\\\/secure.gravatar.com\\\/avatar\\\/2e01a5b580fc52d559d93d480226eb2165744725974ffb8b583f2e57cdbe6be2?s=96&d=mm&r=g\",\"url\":\"https:\\\/\\\/secure.gravatar.com\\\/avatar\\\/2e01a5b580fc52d559d93d480226eb2165744725974ffb8b583f2e57cdbe6be2?s=96&d=mm&r=g\",\"contentUrl\":\"https:\\\/\\\/secure.gravatar.com\\\/avatar\\\/2e01a5b580fc52d559d93d480226eb2165744725974ffb8b583f2e57cdbe6be2?s=96&d=mm&r=g\",\"caption\":\"Michel\"},\"sameAs\":[\"https:\\\/\\\/aboutsignal.com\"]}]}<\/script>\n<!-- \/ Yoast SEO plugin. -->","yoast_head_json":{"title":"Das Ende privater Gespr\u00e4che? Signal droht, die EU zu verlassen, falls Chatkontrolle verpflichtend wird","description":"Am 13. und 14. Oktober 2025 wird die Chatkontrolle wieder auf der europ\u00e4ischen Agenda stehen. Wenn Signal muss sich entscheiden, ob es sein Datenschutzversprechen aufgibt oder den Markt verl\u00e4sst, Signal werde Letzteres w\u00e4hlen.","robots":{"index":"index","follow":"follow","max-snippet":"max-snippet:-1","max-image-preview":"max-image-preview:large","max-video-preview":"max-video-preview:-1"},"canonical":"https:\/\/aboutsignal.com\/de\/news\/signal-droht-mit-eu-austritt-falls-chat-kontrolle-verpflichtend-wird\/","og_locale":"de_DE","og_type":"article","og_title":"The end of private conversations? Signal threatens to leave the EU if chat control becomes mandatory","og_description":"On 13 and 14 October 2025, chat control will be back on the European agenda. If Signal has to choose between giving up its privacy promise or leaving the market, Signal will choose the latter.","og_url":"https:\/\/aboutsignal.com\/de\/news\/signal-droht-mit-eu-austritt-falls-chat-kontrolle-verpflichtend-wird\/","og_site_name":"AboutSignal","article_published_time":"2025-10-03T13:53:26+00:00","article_modified_time":"2025-10-09T06:16:42+00:00","og_image":[{"width":600,"height":337,"url":"https:\/\/aboutsignal.com\/files\/featured-signal-eu-dark-clouds.png","type":"image\/png"}],"author":"Michel","twitter_card":"summary_large_image","twitter_misc":{"Verfasst von":"Michel","Gesch\u00e4tzte Lesezeit":"2\u00a0Minuten"},"schema":{"@context":"https:\/\/schema.org","@graph":[{"@type":"Article","@id":"https:\/\/aboutsignal.com\/news\/the-end-of-private-conversations-signal-threatens-to-leave-the-eu-if-chat-control-becomes-mandatory\/#article","isPartOf":{"@id":"https:\/\/aboutsignal.com\/news\/the-end-of-private-conversations-signal-threatens-to-leave-the-eu-if-chat-control-becomes-mandatory\/"},"author":{"name":"Michel","@id":"https:\/\/aboutsignal.com\/#\/schema\/person\/b613319e5109cdac14b98dff0f397ec5"},"headline":"The end of private conversations? Signal threatens to leave the EU if chat control becomes mandatory","datePublished":"2025-10-03T13:53:26+00:00","dateModified":"2025-10-09T06:16:42+00:00","mainEntityOfPage":{"@id":"https:\/\/aboutsignal.com\/news\/the-end-of-private-conversations-signal-threatens-to-leave-the-eu-if-chat-control-becomes-mandatory\/"},"wordCount":472,"publisher":{"@id":"https:\/\/aboutsignal.com\/#organization"},"image":{"@id":"https:\/\/aboutsignal.com\/news\/the-end-of-private-conversations-signal-threatens-to-leave-the-eu-if-chat-control-becomes-mandatory\/#primaryimage"},"thumbnailUrl":"https:\/\/aboutsignal.com\/files\/featured-signal-eu-dark-clouds.png","articleSection":["News"],"inLanguage":"de"},{"@type":"WebPage","@id":"https:\/\/aboutsignal.com\/news\/the-end-of-private-conversations-signal-threatens-to-leave-the-eu-if-chat-control-becomes-mandatory\/","url":"https:\/\/aboutsignal.com\/news\/the-end-of-private-conversations-signal-threatens-to-leave-the-eu-if-chat-control-becomes-mandatory\/","name":"Das Ende privater Gespr\u00e4che? Signal droht, die EU zu verlassen, falls Chatkontrolle verpflichtend wird","isPartOf":{"@id":"https:\/\/aboutsignal.com\/#website"},"primaryImageOfPage":{"@id":"https:\/\/aboutsignal.com\/news\/the-end-of-private-conversations-signal-threatens-to-leave-the-eu-if-chat-control-becomes-mandatory\/#primaryimage"},"image":{"@id":"https:\/\/aboutsignal.com\/news\/the-end-of-private-conversations-signal-threatens-to-leave-the-eu-if-chat-control-becomes-mandatory\/#primaryimage"},"thumbnailUrl":"https:\/\/aboutsignal.com\/files\/featured-signal-eu-dark-clouds.png","datePublished":"2025-10-03T13:53:26+00:00","dateModified":"2025-10-09T06:16:42+00:00","description":"Am 13. und 14. Oktober 2025 wird die Chatkontrolle wieder auf der europ\u00e4ischen Agenda stehen. Wenn Signal muss sich entscheiden, ob es sein Datenschutzversprechen aufgibt oder den Markt verl\u00e4sst, Signal werde Letzteres w\u00e4hlen.","breadcrumb":{"@id":"https:\/\/aboutsignal.com\/news\/the-end-of-private-conversations-signal-threatens-to-leave-the-eu-if-chat-control-becomes-mandatory\/#breadcrumb"},"inLanguage":"de","potentialAction":[{"@type":"ReadAction","target":["https:\/\/aboutsignal.com\/news\/the-end-of-private-conversations-signal-threatens-to-leave-the-eu-if-chat-control-becomes-mandatory\/"]}]},{"@type":"ImageObject","inLanguage":"de","@id":"https:\/\/aboutsignal.com\/news\/the-end-of-private-conversations-signal-threatens-to-leave-the-eu-if-chat-control-becomes-mandatory\/#primaryimage","url":"https:\/\/aboutsignal.com\/files\/featured-signal-eu-dark-clouds.png","contentUrl":"https:\/\/aboutsignal.com\/files\/featured-signal-eu-dark-clouds.png","width":600,"height":337},{"@type":"BreadcrumbList","@id":"https:\/\/aboutsignal.com\/news\/the-end-of-private-conversations-signal-threatens-to-leave-the-eu-if-chat-control-becomes-mandatory\/#breadcrumb","itemListElement":[{"@type":"ListItem","position":1,"name":"Home","item":"https:\/\/aboutsignal.com\/"},{"@type":"ListItem","position":2,"name":"The end of private conversations? Signal threatens to leave the EU if chat control becomes mandatory"}]},{"@type":"WebSite","@id":"https:\/\/aboutsignal.com\/#website","url":"https:\/\/aboutsignal.com\/","name":"AboutSignal","description":"","publisher":{"@id":"https:\/\/aboutsignal.com\/#organization"},"potentialAction":[{"@type":"SearchAction","target":{"@type":"EntryPoint","urlTemplate":"https:\/\/aboutsignal.com\/?s={search_term_string}"},"query-input":{"@type":"PropertyValueSpecification","valueRequired":true,"valueName":"search_term_string"}}],"inLanguage":"de"},{"@type":"Organization","@id":"https:\/\/aboutsignal.com\/#organization","name":"AboutSignal","url":"https:\/\/aboutsignal.com\/","logo":{"@type":"ImageObject","inLanguage":"de","@id":"https:\/\/aboutsignal.com\/#\/schema\/logo\/image\/","url":"https:\/\/aboutsignal.com\/files\/logo-aboutsignal.png","contentUrl":"https:\/\/aboutsignal.com\/files\/logo-aboutsignal.png","width":1024,"height":1024,"caption":"AboutSignal"},"image":{"@id":"https:\/\/aboutsignal.com\/#\/schema\/logo\/image\/"}},{"@type":"Person","@id":"https:\/\/aboutsignal.com\/#\/schema\/person\/b613319e5109cdac14b98dff0f397ec5","name":"Michel","image":{"@type":"ImageObject","inLanguage":"de","@id":"https:\/\/secure.gravatar.com\/avatar\/2e01a5b580fc52d559d93d480226eb2165744725974ffb8b583f2e57cdbe6be2?s=96&d=mm&r=g","url":"https:\/\/secure.gravatar.com\/avatar\/2e01a5b580fc52d559d93d480226eb2165744725974ffb8b583f2e57cdbe6be2?s=96&d=mm&r=g","contentUrl":"https:\/\/secure.gravatar.com\/avatar\/2e01a5b580fc52d559d93d480226eb2165744725974ffb8b583f2e57cdbe6be2?s=96&d=mm&r=g","caption":"Michel"},"sameAs":["https:\/\/aboutsignal.com"]}]}},"_links":{"self":[{"href":"https:\/\/aboutsignal.com\/de\/wp-json\/wp\/v2\/posts\/54660","targetHints":{"allow":["GET"]}}],"collection":[{"href":"https:\/\/aboutsignal.com\/de\/wp-json\/wp\/v2\/posts"}],"about":[{"href":"https:\/\/aboutsignal.com\/de\/wp-json\/wp\/v2\/types\/post"}],"author":[{"embeddable":true,"href":"https:\/\/aboutsignal.com\/de\/wp-json\/wp\/v2\/users\/1"}],"replies":[{"embeddable":true,"href":"https:\/\/aboutsignal.com\/de\/wp-json\/wp\/v2\/comments?post=54660"}],"version-history":[{"count":16,"href":"https:\/\/aboutsignal.com\/de\/wp-json\/wp\/v2\/posts\/54660\/revisions"}],"predecessor-version":[{"id":54748,"href":"https:\/\/aboutsignal.com\/de\/wp-json\/wp\/v2\/posts\/54660\/revisions\/54748"}],"wp:featuredmedia":[{"embeddable":true,"href":"https:\/\/aboutsignal.com\/de\/wp-json\/wp\/v2\/media\/54662"}],"wp:attachment":[{"href":"https:\/\/aboutsignal.com\/de\/wp-json\/wp\/v2\/media?parent=54660"}],"wp:term":[{"taxonomy":"category","embeddable":true,"href":"https:\/\/aboutsignal.com\/de\/wp-json\/wp\/v2\/categories?post=54660"},{"taxonomy":"post_tag","embeddable":true,"href":"https:\/\/aboutsignal.com\/de\/wp-json\/wp\/v2\/tags?post=54660"}],"curies":[{"name":"wp","href":"https:\/\/api.w.org\/{rel}","templated":true}]}}