{"id":54660,"date":"2025-10-03T15:53:26","date_gmt":"2025-10-03T13:53:26","guid":{"rendered":"https:\/\/aboutsignal.com\/?p=54660"},"modified":"2025-10-09T08:16:42","modified_gmt":"2025-10-09T06:16:42","slug":"la-fine-delle-conversazioni-private-minaccia-di-lasciare-l%27ue-se-chat-control-diventa-obbligatorio","status":"publish","type":"post","link":"https:\/\/aboutsignal.com\/it\/news\/the-end-of-private-conversations-signal-threatens-to-leave-the-eu-if-chat-control-becomes-mandatory\/","title":{"rendered":"\u00c8 la fine delle conversazioni private? Signal minaccia di lasciare l'UE se il chat control diventa obbligatorio"},"content":{"rendered":"<p><strong>Signal lascer\u00e0 l'UE se una nuova proposta europea costringesse Signal ad indebolire la crittografia. Questo messaggio \u00e8 stato ribadito dalla presidente di Signal Meredith Whittaker.<\/strong><\/p>\n\n\n\n<p>\"Se dovessimo scegliere tra compromettere l'integrit\u00e0 della nostra crittografia e le nostre garanzie di protezione dei dati o abbandonare l'Europa, purtroppo prenderemmo la decisione di abbandonare il mercato\", ha annunciato la presidente di Signal Meredith Whittaker ai <a href=\"https:\/\/www.heise.de\/news\/Chefin-der-Signal-App-droht-mit-Rueckzug-aus-Europa-10688792.html\">media tedeschi<\/a>.<\/p>\n\n\n\n<p>L'avvertimento di una possibile uscita di Signal dall'Unione Europea non \u00e8 un evento improvviso. Signal aveva gi\u00e0 avvisato due anni fa circa di <a href=\"https:\/\/signalapp.nl\/signal-app-nieuws\/signal-app-dreigt-met-vertrek-eu-als-encryptie-moet-worden-afgezwakt\/\">potenzialmente lasciare l'UE<\/a>.<\/p>\n\n\n\n<h2 class=\"wp-block-heading\"><strong>L'UE vuole scansionare tutti i tuoi messaggi privati<\/strong><\/h2>\n\n\n\n<p>L'Unione Europea sta attualmente lavorando ad alcune leggi che consentirebbero la scansione di tutti i tuoi messaggi privati \u200b\u200bper individuare contenuti criminali e illegali, come materiale pedo-pornografico. I fornitori di app e piattaforme come Signal e WhatsApp sarebbe quindi tenuti a scansionare tutti i tuoi messaggi, foto, video e file per individuare materiale potenzialmente pedo-pornografico.<\/p>\n\n\n\n<p>Molti esperti, tra cui quelli di sicurezza informatica, diritto e persino tutela dei minori, hanno da tempo messo in guardia dai pericoli del controllo delle chat. Nonostante il <a href=\"https:\/\/academic.oup.com\/cybersecurity\/article\/10\/1\/tyad020\/7590463\">consenso tra gli esperti di sicurezza informatica<\/a>, i politici continuano a pensare di saperne di pi\u00f9 e continuano a proporre leggi di questo tipo.<\/p>\n\n\n\n<p>La presidente di Signal Meredith Whittaker ha nuovamente invitato l'UE a respingere tali proposte: la crittografia o funziona per tutti, o \u00e8 rotta per tutti. \"Non si pu\u00f2 creare una backdoor che pu\u00f2 essere usata solo dai 'buoni', e scansionare i contenuti prima della crittografia viola comunque le garanzie di privacy garantite dalla crittografia end-to-end\", afferma Meredith Whittaker.<\/p>\n\n\n\n<h2 class=\"wp-block-heading\"><strong>Nuova proposta chat control al Consiglio europeo questo mese<\/strong><\/h2>\n\n\n\n<p>Il 13 e 14 ottobre 2025, il Consiglio Europeo della Giustizia e degli Affari Interni discuter\u00e0 la nuova proposta. Non \u00e8 ancora chiaro come si posizioneranno gli Stati membri. Sebbene diversi stati si siano gi\u00e0 opposti, resta da vedere quale sar\u00e0 la decisione finale dell'UE.<\/p>\n\n\n\n<p>Signal, da parte sua, far\u00e0 tutto il possibile per garantire che tutti continuino ad avere accesso a Signal, e quindi alla privacy e alla libert\u00e0 di espressione. Come ha scritto Meredith Whittaker su X l'anno scorso: \"Resisteremo fino alla fine. Siamo al fianco dei cittadini europei e del loro diritto alla privacy, qualunque cosa faccia la Commissione\".<\/p>\n\n\n\n<p><\/p>\n\n\n\n<center><blockquote class=\"twitter-tweet\"><p lang=\"en\" dir=\"ltr\">To be clear&#8211;we will stay to the end. We stand with the people in Europe &amp; their right to privacy, whatever the Commission does <br><br>But we won&#39;t comply with any mandate to undermine our privacy guarantees. And noncompliance would result in our being barred from the market.<\/p>&mdash; Meredith Whittaker (@mer__edith) <a href=\"https:\/\/twitter.com\/mer__edith\/status\/1796516071639564682?ref_src=twsrc%5Etfw\">May 31, 2024<\/a><\/blockquote> <script async src=\"https:\/\/platform.twitter.com\/widgets.js\" charset=\"utf-8\"><\/script><\/center>\n\n\n\n<p><\/p>\n\n\n\n<p><strong>Aggiornamento 9 ottobre 2025:<\/strong> Non c'\u00e8 la maggioranza all'interno dell'UE a favore di chat control e la proposta non sar\u00e0 pi\u00f9 messa ai voti il \u200b\u200b14 ottobre. Per ora, chat control \u00e8 fuori discussione e Signal rimarr\u00e0 disponibile nell'UE.<\/p>","protected":false},"excerpt":{"rendered":"<p>Il 13 e 14 ottobre 2025, la legge chat control torner\u00e0 ad essere al centro dell'agenda europea.<\/p>","protected":false},"author":1,"featured_media":54662,"comment_status":"closed","ping_status":"closed","sticky":false,"template":"","format":"standard","meta":{"_et_pb_use_builder":"off","_et_pb_old_content":"","_et_gb_content_width":"","footnotes":""},"categories":[1],"tags":[],"class_list":["post-54660","post","type-post","status-publish","format-standard","has-post-thumbnail","hentry","category-news"],"yoast_head":"<!-- This site is optimized with the Yoast SEO plugin v27.4 - https:\/\/yoast.com\/product\/yoast-seo-wordpress\/ -->\n<title>The end of private conversations? Signal threatens to leave the EU if chat control becomes mandatory<\/title>\n<meta name=\"description\" content=\"On 13 and 14 October 2025, chat control will be back on the European agenda. If Signal has to choose between giving up its privacy promise or leaving the market, Signal will choose the latter.\" \/>\n<meta name=\"robots\" content=\"index, follow, max-snippet:-1, max-image-preview:large, max-video-preview:-1\" \/>\n<link rel=\"canonical\" href=\"https:\/\/aboutsignal.com\/it\/notizie\/la-fine-delle-conversazioni-private-minaccia-di-lasciare-l'ue-se-chat-control-diventa-obbligatorio\/\" \/>\n<meta property=\"og:locale\" content=\"it_IT\" \/>\n<meta property=\"og:type\" content=\"article\" \/>\n<meta property=\"og:title\" content=\"The end of private conversations? Signal threatens to leave the EU if chat control becomes mandatory\" \/>\n<meta property=\"og:description\" content=\"On 13 and 14 October 2025, chat control will be back on the European agenda. If Signal has to choose between giving up its privacy promise or leaving the market, Signal will choose the latter.\" \/>\n<meta property=\"og:url\" content=\"https:\/\/aboutsignal.com\/it\/notizie\/la-fine-delle-conversazioni-private-minaccia-di-lasciare-l&#039;ue-se-chat-control-diventa-obbligatorio\/\" \/>\n<meta property=\"og:site_name\" content=\"AboutSignal\" \/>\n<meta property=\"article:published_time\" content=\"2025-10-03T13:53:26+00:00\" \/>\n<meta property=\"article:modified_time\" content=\"2025-10-09T06:16:42+00:00\" \/>\n<meta property=\"og:image\" content=\"https:\/\/aboutsignal.com\/files\/featured-signal-eu-dark-clouds.png\" \/>\n\t<meta property=\"og:image:width\" content=\"600\" \/>\n\t<meta property=\"og:image:height\" content=\"337\" \/>\n\t<meta property=\"og:image:type\" content=\"image\/png\" \/>\n<meta name=\"author\" content=\"Michel\" \/>\n<meta name=\"twitter:card\" content=\"summary_large_image\" \/>\n<meta name=\"twitter:label1\" content=\"Scritto da\" \/>\n\t<meta name=\"twitter:data1\" content=\"Michel\" \/>\n\t<meta name=\"twitter:label2\" content=\"Tempo di lettura stimato\" \/>\n\t<meta name=\"twitter:data2\" content=\"2 minuti\" \/>\n<script type=\"application\/ld+json\" class=\"yoast-schema-graph\">{\"@context\":\"https:\\\/\\\/schema.org\",\"@graph\":[{\"@type\":\"Article\",\"@id\":\"https:\\\/\\\/aboutsignal.com\\\/news\\\/the-end-of-private-conversations-signal-threatens-to-leave-the-eu-if-chat-control-becomes-mandatory\\\/#article\",\"isPartOf\":{\"@id\":\"https:\\\/\\\/aboutsignal.com\\\/news\\\/the-end-of-private-conversations-signal-threatens-to-leave-the-eu-if-chat-control-becomes-mandatory\\\/\"},\"author\":{\"name\":\"Michel\",\"@id\":\"https:\\\/\\\/aboutsignal.com\\\/#\\\/schema\\\/person\\\/b613319e5109cdac14b98dff0f397ec5\"},\"headline\":\"The end of private conversations? Signal threatens to leave the EU if chat control becomes mandatory\",\"datePublished\":\"2025-10-03T13:53:26+00:00\",\"dateModified\":\"2025-10-09T06:16:42+00:00\",\"mainEntityOfPage\":{\"@id\":\"https:\\\/\\\/aboutsignal.com\\\/news\\\/the-end-of-private-conversations-signal-threatens-to-leave-the-eu-if-chat-control-becomes-mandatory\\\/\"},\"wordCount\":472,\"publisher\":{\"@id\":\"https:\\\/\\\/aboutsignal.com\\\/#organization\"},\"image\":{\"@id\":\"https:\\\/\\\/aboutsignal.com\\\/news\\\/the-end-of-private-conversations-signal-threatens-to-leave-the-eu-if-chat-control-becomes-mandatory\\\/#primaryimage\"},\"thumbnailUrl\":\"https:\\\/\\\/aboutsignal.com\\\/files\\\/featured-signal-eu-dark-clouds.png\",\"articleSection\":[\"News\"],\"inLanguage\":\"it-IT\"},{\"@type\":\"WebPage\",\"@id\":\"https:\\\/\\\/aboutsignal.com\\\/news\\\/the-end-of-private-conversations-signal-threatens-to-leave-the-eu-if-chat-control-becomes-mandatory\\\/\",\"url\":\"https:\\\/\\\/aboutsignal.com\\\/news\\\/the-end-of-private-conversations-signal-threatens-to-leave-the-eu-if-chat-control-becomes-mandatory\\\/\",\"name\":\"The end of private conversations? Signal threatens to leave the EU if chat control becomes mandatory\",\"isPartOf\":{\"@id\":\"https:\\\/\\\/aboutsignal.com\\\/#website\"},\"primaryImageOfPage\":{\"@id\":\"https:\\\/\\\/aboutsignal.com\\\/news\\\/the-end-of-private-conversations-signal-threatens-to-leave-the-eu-if-chat-control-becomes-mandatory\\\/#primaryimage\"},\"image\":{\"@id\":\"https:\\\/\\\/aboutsignal.com\\\/news\\\/the-end-of-private-conversations-signal-threatens-to-leave-the-eu-if-chat-control-becomes-mandatory\\\/#primaryimage\"},\"thumbnailUrl\":\"https:\\\/\\\/aboutsignal.com\\\/files\\\/featured-signal-eu-dark-clouds.png\",\"datePublished\":\"2025-10-03T13:53:26+00:00\",\"dateModified\":\"2025-10-09T06:16:42+00:00\",\"description\":\"On 13 and 14 October 2025, chat control will be back on the European agenda. If Signal has to choose between giving up its privacy promise or leaving the market, Signal will choose the latter.\",\"breadcrumb\":{\"@id\":\"https:\\\/\\\/aboutsignal.com\\\/news\\\/the-end-of-private-conversations-signal-threatens-to-leave-the-eu-if-chat-control-becomes-mandatory\\\/#breadcrumb\"},\"inLanguage\":\"it-IT\",\"potentialAction\":[{\"@type\":\"ReadAction\",\"target\":[\"https:\\\/\\\/aboutsignal.com\\\/news\\\/the-end-of-private-conversations-signal-threatens-to-leave-the-eu-if-chat-control-becomes-mandatory\\\/\"]}]},{\"@type\":\"ImageObject\",\"inLanguage\":\"it-IT\",\"@id\":\"https:\\\/\\\/aboutsignal.com\\\/news\\\/the-end-of-private-conversations-signal-threatens-to-leave-the-eu-if-chat-control-becomes-mandatory\\\/#primaryimage\",\"url\":\"https:\\\/\\\/aboutsignal.com\\\/files\\\/featured-signal-eu-dark-clouds.png\",\"contentUrl\":\"https:\\\/\\\/aboutsignal.com\\\/files\\\/featured-signal-eu-dark-clouds.png\",\"width\":600,\"height\":337},{\"@type\":\"BreadcrumbList\",\"@id\":\"https:\\\/\\\/aboutsignal.com\\\/news\\\/the-end-of-private-conversations-signal-threatens-to-leave-the-eu-if-chat-control-becomes-mandatory\\\/#breadcrumb\",\"itemListElement\":[{\"@type\":\"ListItem\",\"position\":1,\"name\":\"Home\",\"item\":\"https:\\\/\\\/aboutsignal.com\\\/\"},{\"@type\":\"ListItem\",\"position\":2,\"name\":\"The end of private conversations? Signal threatens to leave the EU if chat control becomes mandatory\"}]},{\"@type\":\"WebSite\",\"@id\":\"https:\\\/\\\/aboutsignal.com\\\/#website\",\"url\":\"https:\\\/\\\/aboutsignal.com\\\/\",\"name\":\"AboutSignal\",\"description\":\"\",\"publisher\":{\"@id\":\"https:\\\/\\\/aboutsignal.com\\\/#organization\"},\"potentialAction\":[{\"@type\":\"SearchAction\",\"target\":{\"@type\":\"EntryPoint\",\"urlTemplate\":\"https:\\\/\\\/aboutsignal.com\\\/?s={search_term_string}\"},\"query-input\":{\"@type\":\"PropertyValueSpecification\",\"valueRequired\":true,\"valueName\":\"search_term_string\"}}],\"inLanguage\":\"it-IT\"},{\"@type\":\"Organization\",\"@id\":\"https:\\\/\\\/aboutsignal.com\\\/#organization\",\"name\":\"AboutSignal\",\"url\":\"https:\\\/\\\/aboutsignal.com\\\/\",\"logo\":{\"@type\":\"ImageObject\",\"inLanguage\":\"it-IT\",\"@id\":\"https:\\\/\\\/aboutsignal.com\\\/#\\\/schema\\\/logo\\\/image\\\/\",\"url\":\"https:\\\/\\\/aboutsignal.com\\\/files\\\/logo-aboutsignal.png\",\"contentUrl\":\"https:\\\/\\\/aboutsignal.com\\\/files\\\/logo-aboutsignal.png\",\"width\":1024,\"height\":1024,\"caption\":\"AboutSignal\"},\"image\":{\"@id\":\"https:\\\/\\\/aboutsignal.com\\\/#\\\/schema\\\/logo\\\/image\\\/\"}},{\"@type\":\"Person\",\"@id\":\"https:\\\/\\\/aboutsignal.com\\\/#\\\/schema\\\/person\\\/b613319e5109cdac14b98dff0f397ec5\",\"name\":\"Michel\",\"image\":{\"@type\":\"ImageObject\",\"inLanguage\":\"it-IT\",\"@id\":\"https:\\\/\\\/secure.gravatar.com\\\/avatar\\\/2e01a5b580fc52d559d93d480226eb2165744725974ffb8b583f2e57cdbe6be2?s=96&d=mm&r=g\",\"url\":\"https:\\\/\\\/secure.gravatar.com\\\/avatar\\\/2e01a5b580fc52d559d93d480226eb2165744725974ffb8b583f2e57cdbe6be2?s=96&d=mm&r=g\",\"contentUrl\":\"https:\\\/\\\/secure.gravatar.com\\\/avatar\\\/2e01a5b580fc52d559d93d480226eb2165744725974ffb8b583f2e57cdbe6be2?s=96&d=mm&r=g\",\"caption\":\"Michel\"},\"sameAs\":[\"https:\\\/\\\/aboutsignal.com\"]}]}<\/script>\n<!-- \/ Yoast SEO plugin. -->","yoast_head_json":{"title":"\u00c8 la fine delle conversazioni private? Signal minaccia di lasciare l'UE se il chat control diventa obbligatorio","description":"Il 13 e 14 ottobre 2025, il chat control torner\u00e0 all'ordine del giorno europeo. Se Signal deve scegliere tra rinunciare alla promessa di privacy o abbandonare il mercato, Signal sceglier\u00e0 quest'ultima opzione.","robots":{"index":"index","follow":"follow","max-snippet":"max-snippet:-1","max-image-preview":"max-image-preview:large","max-video-preview":"max-video-preview:-1"},"canonical":"https:\/\/aboutsignal.com\/it\/notizie\/la-fine-delle-conversazioni-private-minaccia-di-lasciare-l'ue-se-chat-control-diventa-obbligatorio\/","og_locale":"it_IT","og_type":"article","og_title":"The end of private conversations? Signal threatens to leave the EU if chat control becomes mandatory","og_description":"On 13 and 14 October 2025, chat control will be back on the European agenda. If Signal has to choose between giving up its privacy promise or leaving the market, Signal will choose the latter.","og_url":"https:\/\/aboutsignal.com\/it\/notizie\/la-fine-delle-conversazioni-private-minaccia-di-lasciare-l'ue-se-chat-control-diventa-obbligatorio\/","og_site_name":"AboutSignal","article_published_time":"2025-10-03T13:53:26+00:00","article_modified_time":"2025-10-09T06:16:42+00:00","og_image":[{"width":600,"height":337,"url":"https:\/\/aboutsignal.com\/files\/featured-signal-eu-dark-clouds.png","type":"image\/png"}],"author":"Michel","twitter_card":"summary_large_image","twitter_misc":{"Scritto da":"Michel","Tempo di lettura stimato":"2 minuti"},"schema":{"@context":"https:\/\/schema.org","@graph":[{"@type":"Article","@id":"https:\/\/aboutsignal.com\/news\/the-end-of-private-conversations-signal-threatens-to-leave-the-eu-if-chat-control-becomes-mandatory\/#article","isPartOf":{"@id":"https:\/\/aboutsignal.com\/news\/the-end-of-private-conversations-signal-threatens-to-leave-the-eu-if-chat-control-becomes-mandatory\/"},"author":{"name":"Michel","@id":"https:\/\/aboutsignal.com\/#\/schema\/person\/b613319e5109cdac14b98dff0f397ec5"},"headline":"The end of private conversations? Signal threatens to leave the EU if chat control becomes mandatory","datePublished":"2025-10-03T13:53:26+00:00","dateModified":"2025-10-09T06:16:42+00:00","mainEntityOfPage":{"@id":"https:\/\/aboutsignal.com\/news\/the-end-of-private-conversations-signal-threatens-to-leave-the-eu-if-chat-control-becomes-mandatory\/"},"wordCount":472,"publisher":{"@id":"https:\/\/aboutsignal.com\/#organization"},"image":{"@id":"https:\/\/aboutsignal.com\/news\/the-end-of-private-conversations-signal-threatens-to-leave-the-eu-if-chat-control-becomes-mandatory\/#primaryimage"},"thumbnailUrl":"https:\/\/aboutsignal.com\/files\/featured-signal-eu-dark-clouds.png","articleSection":["News"],"inLanguage":"it-IT"},{"@type":"WebPage","@id":"https:\/\/aboutsignal.com\/news\/the-end-of-private-conversations-signal-threatens-to-leave-the-eu-if-chat-control-becomes-mandatory\/","url":"https:\/\/aboutsignal.com\/news\/the-end-of-private-conversations-signal-threatens-to-leave-the-eu-if-chat-control-becomes-mandatory\/","name":"\u00c8 la fine delle conversazioni private? Signal minaccia di lasciare l'UE se il chat control diventa obbligatorio","isPartOf":{"@id":"https:\/\/aboutsignal.com\/#website"},"primaryImageOfPage":{"@id":"https:\/\/aboutsignal.com\/news\/the-end-of-private-conversations-signal-threatens-to-leave-the-eu-if-chat-control-becomes-mandatory\/#primaryimage"},"image":{"@id":"https:\/\/aboutsignal.com\/news\/the-end-of-private-conversations-signal-threatens-to-leave-the-eu-if-chat-control-becomes-mandatory\/#primaryimage"},"thumbnailUrl":"https:\/\/aboutsignal.com\/files\/featured-signal-eu-dark-clouds.png","datePublished":"2025-10-03T13:53:26+00:00","dateModified":"2025-10-09T06:16:42+00:00","description":"Il 13 e 14 ottobre 2025, il chat control torner\u00e0 all'ordine del giorno europeo. Se Signal deve scegliere tra rinunciare alla promessa di privacy o abbandonare il mercato, Signal sceglier\u00e0 quest'ultima opzione.","breadcrumb":{"@id":"https:\/\/aboutsignal.com\/news\/the-end-of-private-conversations-signal-threatens-to-leave-the-eu-if-chat-control-becomes-mandatory\/#breadcrumb"},"inLanguage":"it-IT","potentialAction":[{"@type":"ReadAction","target":["https:\/\/aboutsignal.com\/news\/the-end-of-private-conversations-signal-threatens-to-leave-the-eu-if-chat-control-becomes-mandatory\/"]}]},{"@type":"ImageObject","inLanguage":"it-IT","@id":"https:\/\/aboutsignal.com\/news\/the-end-of-private-conversations-signal-threatens-to-leave-the-eu-if-chat-control-becomes-mandatory\/#primaryimage","url":"https:\/\/aboutsignal.com\/files\/featured-signal-eu-dark-clouds.png","contentUrl":"https:\/\/aboutsignal.com\/files\/featured-signal-eu-dark-clouds.png","width":600,"height":337},{"@type":"BreadcrumbList","@id":"https:\/\/aboutsignal.com\/news\/the-end-of-private-conversations-signal-threatens-to-leave-the-eu-if-chat-control-becomes-mandatory\/#breadcrumb","itemListElement":[{"@type":"ListItem","position":1,"name":"Home","item":"https:\/\/aboutsignal.com\/"},{"@type":"ListItem","position":2,"name":"The end of private conversations? Signal threatens to leave the EU if chat control becomes mandatory"}]},{"@type":"WebSite","@id":"https:\/\/aboutsignal.com\/#website","url":"https:\/\/aboutsignal.com\/","name":"AboutSignal","description":"","publisher":{"@id":"https:\/\/aboutsignal.com\/#organization"},"potentialAction":[{"@type":"SearchAction","target":{"@type":"EntryPoint","urlTemplate":"https:\/\/aboutsignal.com\/?s={search_term_string}"},"query-input":{"@type":"PropertyValueSpecification","valueRequired":true,"valueName":"search_term_string"}}],"inLanguage":"it-IT"},{"@type":"Organization","@id":"https:\/\/aboutsignal.com\/#organization","name":"AboutSignal","url":"https:\/\/aboutsignal.com\/","logo":{"@type":"ImageObject","inLanguage":"it-IT","@id":"https:\/\/aboutsignal.com\/#\/schema\/logo\/image\/","url":"https:\/\/aboutsignal.com\/files\/logo-aboutsignal.png","contentUrl":"https:\/\/aboutsignal.com\/files\/logo-aboutsignal.png","width":1024,"height":1024,"caption":"AboutSignal"},"image":{"@id":"https:\/\/aboutsignal.com\/#\/schema\/logo\/image\/"}},{"@type":"Person","@id":"https:\/\/aboutsignal.com\/#\/schema\/person\/b613319e5109cdac14b98dff0f397ec5","name":"Michel","image":{"@type":"ImageObject","inLanguage":"it-IT","@id":"https:\/\/secure.gravatar.com\/avatar\/2e01a5b580fc52d559d93d480226eb2165744725974ffb8b583f2e57cdbe6be2?s=96&d=mm&r=g","url":"https:\/\/secure.gravatar.com\/avatar\/2e01a5b580fc52d559d93d480226eb2165744725974ffb8b583f2e57cdbe6be2?s=96&d=mm&r=g","contentUrl":"https:\/\/secure.gravatar.com\/avatar\/2e01a5b580fc52d559d93d480226eb2165744725974ffb8b583f2e57cdbe6be2?s=96&d=mm&r=g","caption":"Michel"},"sameAs":["https:\/\/aboutsignal.com"]}]}},"_links":{"self":[{"href":"https:\/\/aboutsignal.com\/it\/wp-json\/wp\/v2\/posts\/54660","targetHints":{"allow":["GET"]}}],"collection":[{"href":"https:\/\/aboutsignal.com\/it\/wp-json\/wp\/v2\/posts"}],"about":[{"href":"https:\/\/aboutsignal.com\/it\/wp-json\/wp\/v2\/types\/post"}],"author":[{"embeddable":true,"href":"https:\/\/aboutsignal.com\/it\/wp-json\/wp\/v2\/users\/1"}],"replies":[{"embeddable":true,"href":"https:\/\/aboutsignal.com\/it\/wp-json\/wp\/v2\/comments?post=54660"}],"version-history":[{"count":16,"href":"https:\/\/aboutsignal.com\/it\/wp-json\/wp\/v2\/posts\/54660\/revisions"}],"predecessor-version":[{"id":54748,"href":"https:\/\/aboutsignal.com\/it\/wp-json\/wp\/v2\/posts\/54660\/revisions\/54748"}],"wp:featuredmedia":[{"embeddable":true,"href":"https:\/\/aboutsignal.com\/it\/wp-json\/wp\/v2\/media\/54662"}],"wp:attachment":[{"href":"https:\/\/aboutsignal.com\/it\/wp-json\/wp\/v2\/media?parent=54660"}],"wp:term":[{"taxonomy":"category","embeddable":true,"href":"https:\/\/aboutsignal.com\/it\/wp-json\/wp\/v2\/categories?post=54660"},{"taxonomy":"post_tag","embeddable":true,"href":"https:\/\/aboutsignal.com\/it\/wp-json\/wp\/v2\/tags?post=54660"}],"curies":[{"name":"wp","href":"https:\/\/api.w.org\/{rel}","templated":true}]}}